{"id":1506,"date":"2019-03-18T08:05:45","date_gmt":"2019-03-18T07:05:45","guid":{"rendered":"https:\/\/www.a4toner.com\/blog\/?p=1506"},"modified":"2024-02-21T16:59:08","modified_gmt":"2024-02-21T15:59:08","slug":"felicidades-papa","status":"publish","type":"post","link":"https:\/\/www.a4toner.com\/blog\/felicidades-papa\/","title":{"rendered":"\u00a1Felicidades, Pap\u00e1! \u00bfFaltan ideas?"},"content":{"rendered":"\n<p>El <strong>D\u00eda del Padre<\/strong> se celebra en diferentes pa\u00edses del mundo en diferentes fechas. En Espa\u00f1a lo celebramos el d\u00eda 19 de marzo, en honor a San Jos\u00e9. El objetivo de esta celebraci\u00f3n es demostrar el amor que tenemos hacia nuestro padre, ofreci\u00e9ndole alg\u00fan regalito como detalle (los m\u00e1s peque\u00f1os suelen hacer alguna manualidad).<\/p>\n\n\n\n<h2 class=\"wp-block-heading\"><strong>\u00bfCu\u00e1l es el origen del d\u00eda del padre?<\/strong><\/h2>\n\n\n\n<p>La celebraci\u00f3n del D\u00eda del Padre naci\u00f3 en Estados Unidos de la mano de una hija, <strong>Sonora Smart Dodd<\/strong>, en agradecimiento a su padre<strong>, Henry Jackson Smart<\/strong>, un veterano de la guerra civil estadounidense. Cuando la esposa de Henry dio a luz a su sexto hijo, muri\u00f3 durante el parto, y Henry cuid\u00f3 y educ\u00f3 a sus seis hijos sin ninguna ayuda, ofreci\u00e9ndole todo el amor y cari\u00f1o del mundo, en una granja del estado de Washington. Sonora Smart se dio cuenta de que su padre hab\u00eda sido todo un ejemplo a seguir cumpliendo el rol de padre y madre desde la hora de levantarse hasta la hora de acostarse, y propuso que fuera la fecha del nacimiento de su padre Henry, el 5 de junio, para celebrar el D\u00eda del Padre, pero no obtuvo apoyo.<\/p>\n\n\n\n<p>En 1915 el proyecto segu\u00eda vigente, y en 1924 el presidente <strong>Calvin Coolidge<\/strong> apoy\u00f3 la idea de predeterminar un D\u00eda especial del Padre. Fue en el a\u00f1o 1966 cuando el presidente <strong>Lyndon Johnson<\/strong> firm\u00f3 una proclamaci\u00f3n donde se declaraba el tercer domingo de junio el D\u00eda del Padre. A partir de este instante, la celebraci\u00f3n se traspas\u00f3 a Europa, Am\u00e9rica Latina, Asia y \u00c1frica. Sin embargo, en Espa\u00f1a la fecha cambia al 19 de marzo debido a la influencia cat\u00f3lica, dando lugar al d\u00eda del nacimiento del padre de Jes\u00fas, San Jos\u00e9.<\/p>\n\n\n\n<p>El D\u00eda del Padre las familias se juntan con los padres, abuelos y familiares para hacer una comida especial y as\u00ed celebrar este d\u00eda tan especial, entreg\u00e1ndole alg\u00fan regalito, que normalmente el peque\u00f1o lo ha hecho a mano.<\/p>\n\n\n\n<p>Aqu\u00ed ten\u00e9is algunas manualidades divertidas para hacer con vuestros ni\u00f1os, y tambi\u00e9n <strong>te proporcionamos plantillas para facilitar el proceso.<\/strong><\/p>\n\n\n\n<h2 class=\"wp-block-heading\"><strong>Imprimibles para el d\u00eda del padre<\/strong><\/h2>\n\n\n\n<p>Te damos algunos <strong>imprimibles<\/strong> para poderle regalar al mejor pap\u00e1 \ud83d\ude42 y explicarle cuanto lo quieres.<\/p>\n\n\n\n<p>Clica en la imagen para descargar el imprimible que prefieras.<\/p>\n\n\n\n<p><strong>Imprime y expl\u00edcale aqu\u00ed por qu\u00e9 es importante para ti.<\/strong><a previewlistener=\"true\" href=\"https:\/\/www.a4toner.com\/blog\/wp-content\/uploads\/2019\/03\/te-admiro-papa-porque.png\" target=\"_blank\" rel=\"noopener\"><br><\/a><\/p>\n\n\n\n<figure class=\"wp-block-image aligncenter is-resized\"><a href=\"https:\/\/www.a4toner.com\/blog\/wp-content\/uploads\/2019\/03\/te-admiro-papa-porque.png\"><img loading=\"lazy\" decoding=\"async\" src=\"https:\/\/www.a4toner.com\/blog\/wp-content\/uploads\/2019\/03\/te-admiro-papa-porque-212x300.png\" alt=\"Expl\u00edcale a tu pap\u00e1 porque le quieres\" class=\"wp-image-10096\" style=\"width:230px;height:326px\" width=\"230\" height=\"326\" title=\"\" srcset=\"https:\/\/www.a4toner.com\/blog\/wp-content\/uploads\/2019\/03\/te-admiro-papa-porque-212x300.png 212w, https:\/\/www.a4toner.com\/blog\/wp-content\/uploads\/2019\/03\/te-admiro-papa-porque-724x1024.png 724w, https:\/\/www.a4toner.com\/blog\/wp-content\/uploads\/2019\/03\/te-admiro-papa-porque-768x1086.png 768w, https:\/\/www.a4toner.com\/blog\/wp-content\/uploads\/2019\/03\/te-admiro-papa-porque-1086x1536.png 1086w, https:\/\/www.a4toner.com\/blog\/wp-content\/uploads\/2019\/03\/te-admiro-papa-porque.png 1414w\" sizes=\"auto, (max-width: 230px) 100vw, 230px\" \/><\/a><\/figure>\n\n\n\n<figure class=\"wp-block-image aligncenter size-large is-resized\"><a href=\"https:\/\/www.a4toner.com\/blog\/wp-content\/uploads\/2024\/02\/2.png\"><img loading=\"lazy\" decoding=\"async\" src=\"https:\/\/www.a4toner.com\/blog\/wp-content\/uploads\/2024\/02\/2-724x1024.png\" alt=\"\" class=\"wp-image-10441\" style=\"width:267px;height:378px\" width=\"267\" height=\"378\" title=\"\" srcset=\"https:\/\/www.a4toner.com\/blog\/wp-content\/uploads\/2024\/02\/2-724x1024.png 724w, https:\/\/www.a4toner.com\/blog\/wp-content\/uploads\/2024\/02\/2-212x300.png 212w, https:\/\/www.a4toner.com\/blog\/wp-content\/uploads\/2024\/02\/2-768x1086.png 768w, https:\/\/www.a4toner.com\/blog\/wp-content\/uploads\/2024\/02\/2-1086x1536.png 1086w, https:\/\/www.a4toner.com\/blog\/wp-content\/uploads\/2024\/02\/2.png 1414w\" sizes=\"auto, (max-width: 267px) 100vw, 267px\" \/><\/a><\/figure>\n\n\n\n<p><\/p>\n\n\n\n<p><strong>\u00a1Imprime y completa esta hoja con los mejores 8 vales a tu pap\u00e1 que se te ocurran, eso s\u00ed, acu\u00e9rdate que lo que se escribe se cumple! Lo puede colgar incluso en la nevera y as\u00ed os acord\u00e1is de cuanto lo quieres y todo lo que le debes&#8230;<\/strong><\/p>\n\n\n\n<figure class=\"wp-block-image aligncenter\"><a href=\"https:\/\/www.a4toner.com\/blog\/wp-content\/uploads\/2019\/03\/feliz-dia-del-padre-vales-tachables.png\" target=\"_blank\" rel=\"noopener\"><img loading=\"lazy\" decoding=\"async\" width=\"212\" height=\"300\" src=\"https:\/\/www.a4toner.com\/blog\/wp-content\/uploads\/2019\/03\/feliz-dia-del-padre-vales-tachables-212x300.png\" alt=\"\" class=\"wp-image-10103\" title=\"Vales tachables para pap\u00e1.\" srcset=\"https:\/\/www.a4toner.com\/blog\/wp-content\/uploads\/2019\/03\/feliz-dia-del-padre-vales-tachables-212x300.png 212w, https:\/\/www.a4toner.com\/blog\/wp-content\/uploads\/2019\/03\/feliz-dia-del-padre-vales-tachables-724x1024.png 724w, https:\/\/www.a4toner.com\/blog\/wp-content\/uploads\/2019\/03\/feliz-dia-del-padre-vales-tachables-768x1086.png 768w, https:\/\/www.a4toner.com\/blog\/wp-content\/uploads\/2019\/03\/feliz-dia-del-padre-vales-tachables-1086x1536.png 1086w, https:\/\/www.a4toner.com\/blog\/wp-content\/uploads\/2019\/03\/feliz-dia-del-padre-vales-tachables.png 1414w\" sizes=\"auto, (max-width: 212px) 100vw, 212px\" \/><\/a><\/figure>\n\n\n\n<p><\/p>\n\n\n\n<p><strong>Y si eres un artista, p\u00edntale este dibujo, estamos seguros de que esto siempre es un acierto.<\/strong><\/p>\n\n\n\n<figure class=\"wp-block-image aligncenter\"><a href=\"https:\/\/www.a4toner.com\/blog\/wp-content\/uploads\/2019\/03\/dibujo-papa.png\"><img loading=\"lazy\" decoding=\"async\" width=\"212\" height=\"300\" src=\"https:\/\/www.a4toner.com\/blog\/wp-content\/uploads\/2019\/03\/dibujo-papa-212x300.png\" alt=\"dibujo para pap\u00e1\" class=\"wp-image-10104\" title=\"\" srcset=\"https:\/\/www.a4toner.com\/blog\/wp-content\/uploads\/2019\/03\/dibujo-papa-212x300.png 212w, https:\/\/www.a4toner.com\/blog\/wp-content\/uploads\/2019\/03\/dibujo-papa-724x1024.png 724w, https:\/\/www.a4toner.com\/blog\/wp-content\/uploads\/2019\/03\/dibujo-papa-768x1086.png 768w, https:\/\/www.a4toner.com\/blog\/wp-content\/uploads\/2019\/03\/dibujo-papa-1086x1536.png 1086w, https:\/\/www.a4toner.com\/blog\/wp-content\/uploads\/2019\/03\/dibujo-papa.png 1414w\" sizes=\"auto, (max-width: 212px) 100vw, 212px\" \/><\/a><\/figure>\n\n\n\n<p><\/p>\n\n\n\n<p><strong>Y la mejor idea para un papi rom\u00e1ntico de los que abrazan y achuchan mucho.\u00a0 De los que quieren a modo de osito. Un poema. Si un poema, p\u00edntalo, dec\u00f3ralo y triunfa como su ni\u00f1@ que eres.<\/strong><\/p>\n\n\n\n<figure class=\"wp-block-image aligncenter\"><a href=\"https:\/\/www.a4toner.com\/blog\/wp-content\/uploads\/2019\/03\/poema-papa.png\"><img loading=\"lazy\" decoding=\"async\" width=\"212\" height=\"300\" src=\"https:\/\/www.a4toner.com\/blog\/wp-content\/uploads\/2019\/03\/poema-papa-212x300.png\" alt=\"Poema para un padre genial\" class=\"wp-image-10107\" title=\"\" srcset=\"https:\/\/www.a4toner.com\/blog\/wp-content\/uploads\/2019\/03\/poema-papa-212x300.png 212w, https:\/\/www.a4toner.com\/blog\/wp-content\/uploads\/2019\/03\/poema-papa-724x1024.png 724w, https:\/\/www.a4toner.com\/blog\/wp-content\/uploads\/2019\/03\/poema-papa-768x1086.png 768w, https:\/\/www.a4toner.com\/blog\/wp-content\/uploads\/2019\/03\/poema-papa-1086x1536.png 1086w, https:\/\/www.a4toner.com\/blog\/wp-content\/uploads\/2019\/03\/poema-papa.png 1414w\" sizes=\"auto, (max-width: 212px) 100vw, 212px\" \/><\/a><\/figure>\n\n\n\n<p><\/p>\n\n\n\n<p><strong>Darle a tu pap\u00e1 vales libres para que te pida, lo que quiera de ti es como aventurarse en un mundo de sorpresas. \u00a1Es un desaf\u00edo emocionante y lleno de diversi\u00f3n para ambos!<\/strong><\/p>\n\n\n\n<figure class=\"wp-block-image aligncenter size-large is-resized\"><a href=\"https:\/\/www.a4toner.com\/blog\/wp-content\/uploads\/2024\/02\/1.png\"><img loading=\"lazy\" decoding=\"async\" src=\"https:\/\/www.a4toner.com\/blog\/wp-content\/uploads\/2024\/02\/1-724x1024.png\" alt=\"\" class=\"wp-image-10444\" style=\"width:243px;height:344px\" width=\"243\" height=\"344\" title=\"\" srcset=\"https:\/\/www.a4toner.com\/blog\/wp-content\/uploads\/2024\/02\/1-724x1024.png 724w, https:\/\/www.a4toner.com\/blog\/wp-content\/uploads\/2024\/02\/1-212x300.png 212w, https:\/\/www.a4toner.com\/blog\/wp-content\/uploads\/2024\/02\/1-768x1086.png 768w, https:\/\/www.a4toner.com\/blog\/wp-content\/uploads\/2024\/02\/1-1086x1536.png 1086w, https:\/\/www.a4toner.com\/blog\/wp-content\/uploads\/2024\/02\/1.png 1414w\" sizes=\"auto, (max-width: 243px) 100vw, 243px\" \/><\/a><\/figure>\n\n\n\n<p><\/p>\n\n\n\n<p><strong>Imprime esta hoja y adjunta una foto tuya con \u00e9l, ya sea impresa o de esas que tienes en tu tel\u00e9fono. A\u00f1adir ese toque personal har\u00e1 que este regalo sea a\u00fan m\u00e1s especial y memorable.<\/strong> <em>Te ponemos un ejemplo.<\/em><\/p>\n\n\n\n<figure class=\"wp-block-image aligncenter size-large is-resized\"><a href=\"https:\/\/www.a4toner.com\/blog\/wp-content\/uploads\/2024\/02\/4-1.png\"><img loading=\"lazy\" decoding=\"async\" src=\"https:\/\/www.a4toner.com\/blog\/wp-content\/uploads\/2024\/02\/4-1-724x1024.png\" alt=\"\" class=\"wp-image-10447\" style=\"width:264px;height:374px\" width=\"264\" height=\"374\" title=\"\" srcset=\"https:\/\/www.a4toner.com\/blog\/wp-content\/uploads\/2024\/02\/4-1-724x1024.png 724w, https:\/\/www.a4toner.com\/blog\/wp-content\/uploads\/2024\/02\/4-1-212x300.png 212w, https:\/\/www.a4toner.com\/blog\/wp-content\/uploads\/2024\/02\/4-1-768x1086.png 768w, https:\/\/www.a4toner.com\/blog\/wp-content\/uploads\/2024\/02\/4-1-1086x1536.png 1086w, https:\/\/www.a4toner.com\/blog\/wp-content\/uploads\/2024\/02\/4-1.png 1414w\" sizes=\"auto, (max-width: 264px) 100vw, 264px\" \/><\/a><\/figure>\n\n\n\n<figure class=\"wp-block-image aligncenter size-large is-resized\"><a href=\"https:\/\/www.a4toner.com\/blog\/wp-content\/uploads\/2024\/02\/5-1.png\"><img loading=\"lazy\" decoding=\"async\" src=\"https:\/\/www.a4toner.com\/blog\/wp-content\/uploads\/2024\/02\/5-1-724x1024.png\" alt=\"\" class=\"wp-image-10448\" style=\"width:264px;height:373px\" width=\"264\" height=\"373\" title=\"\" srcset=\"https:\/\/www.a4toner.com\/blog\/wp-content\/uploads\/2024\/02\/5-1-724x1024.png 724w, https:\/\/www.a4toner.com\/blog\/wp-content\/uploads\/2024\/02\/5-1-212x300.png 212w, https:\/\/www.a4toner.com\/blog\/wp-content\/uploads\/2024\/02\/5-1-768x1086.png 768w, https:\/\/www.a4toner.com\/blog\/wp-content\/uploads\/2024\/02\/5-1-1086x1536.png 1086w, https:\/\/www.a4toner.com\/blog\/wp-content\/uploads\/2024\/02\/5-1.png 1414w\" sizes=\"auto, (max-width: 264px) 100vw, 264px\" \/><\/a><\/figure>\n\n\n\n<p><\/p>\n\n\n\n<p><strong>Reg\u00e1lale este collage de vales todo en una hoja. Solo imprime esta p\u00e1gina y \u00a1listo! <\/strong> <strong>Podr\u00e9is ir tachando los hechos a medida que los vayan cumpliendo juntos. \u00a1Es pr\u00e1ctico y bonito al mismo tiempo!<\/strong><\/p>\n\n\n\n<figure class=\"wp-block-image aligncenter size-large is-resized\"><a href=\"https:\/\/www.a4toner.com\/blog\/wp-content\/uploads\/2024\/02\/3.png\"><img loading=\"lazy\" decoding=\"async\" src=\"https:\/\/www.a4toner.com\/blog\/wp-content\/uploads\/2024\/02\/3-724x1024.png\" alt=\"\" class=\"wp-image-10449\" style=\"width:285px;height:403px\" width=\"285\" height=\"403\" title=\"\" srcset=\"https:\/\/www.a4toner.com\/blog\/wp-content\/uploads\/2024\/02\/3-724x1024.png 724w, https:\/\/www.a4toner.com\/blog\/wp-content\/uploads\/2024\/02\/3-212x300.png 212w, https:\/\/www.a4toner.com\/blog\/wp-content\/uploads\/2024\/02\/3-768x1086.png 768w, https:\/\/www.a4toner.com\/blog\/wp-content\/uploads\/2024\/02\/3-1086x1536.png 1086w, https:\/\/www.a4toner.com\/blog\/wp-content\/uploads\/2024\/02\/3.png 1414w\" sizes=\"auto, (max-width: 285px) 100vw, 285px\" \/><\/a><\/figure>\n\n\n\n<h2 class=\"wp-block-heading\"><strong>Manualidades para el d\u00eda del padre.<\/strong><\/h2>\n\n\n\n<p>Y aqu\u00ed una gran idea, <strong>una tarjeta pop up<\/strong> con uno de los grandes momentos con los peques, seguro que tendr\u00e1 \u00e9xito.<\/p>\n\n\n\n<p>1\u00ba Coge una hoja a4 y pli\u00e9gala por la mitad, en ella le haces unos cortes verticales en el centro respecto a la base peque\u00f1a de la hoja, tal que as\u00ed.<\/p>\n\n\n\n<figure class=\"wp-block-image aligncenter\"><a href=\"https:\/\/www.a4toner.com\/blog\/wp-content\/uploads\/2015\/03\/pop-up.png\"><img loading=\"lazy\" decoding=\"async\" width=\"189\" height=\"103\" src=\"https:\/\/www.a4toner.com\/blog\/wp-content\/uploads\/2015\/03\/pop-up.png\" alt=\"pop up\" class=\"wp-image-706\" title=\"\"><\/a><\/figure>\n\n\n\n<p>2\u00ba Coge una cartulina A4 o tama\u00f1o Folio para que sobresalga un poco y p\u00e9gala por la parte de fuera y dec\u00f3rala.<\/p>\n\n\n\n<figure class=\"wp-block-image aligncenter\"><a href=\"https:\/\/www.a4toner.com\/blog\/wp-content\/uploads\/2015\/03\/pop-up-tres.jpg\"><img loading=\"lazy\" decoding=\"async\" width=\"300\" height=\"141\" src=\"https:\/\/www.a4toner.com\/blog\/wp-content\/uploads\/2015\/03\/pop-up-tres-300x141.jpg\" alt=\"pop up tres\" class=\"wp-image-707\" title=\"\" srcset=\"https:\/\/www.a4toner.com\/blog\/wp-content\/uploads\/2015\/03\/pop-up-tres-300x141.jpg 300w, https:\/\/www.a4toner.com\/blog\/wp-content\/uploads\/2015\/03\/pop-up-tres.jpg 450w\" sizes=\"auto, (max-width: 300px) 100vw, 300px\" \/><\/a><\/figure>\n\n\n\n<p>3\u00ba <a title=\"camara polaroid\" previewlistener=\"true\" href=\"https:\/\/plus.google.com\/b\/108469987252282477471\/photos\/+a4toner\/albums\/6123108654098685745\/6123108659886737442?pid=6123108659886737442&amp;oid=108469987252282477471\" target=\"_blank\" rel=\"noopener noreferrer nofollow\">Desc\u00e1rgate<\/a> la imagen de la polaroid, impr\u00edmela con nuestras tintas a4toner, la recortas y la enganchas en el saliente, fij\u00e1ndote que permita cerrar posteriormente la postal.<\/p>\n\n\n\n<figure class=\"wp-block-image aligncenter\"><a href=\"https:\/\/www.a4toner.com\/blog\/wp-content\/uploads\/2015\/03\/camara-popup.png\"><img loading=\"lazy\" decoding=\"async\" width=\"300\" height=\"212\" src=\"https:\/\/www.a4toner.com\/blog\/wp-content\/uploads\/2015\/03\/camara-popup-300x212.png\" alt=\"camara popup\" class=\"wp-image-703\" title=\"\" srcset=\"https:\/\/www.a4toner.com\/blog\/wp-content\/uploads\/2015\/03\/camara-popup-300x212.png 300w, https:\/\/www.a4toner.com\/blog\/wp-content\/uploads\/2015\/03\/camara-popup.png 462w\" sizes=\"auto, (max-width: 300px) 100vw, 300px\" \/><\/a><\/figure>\n\n\n\n<p>4\u00ba Hacer un corte en la boca de la polaroid y poner una foto memorable de su situaci\u00f3n de papa, que le haga revivir los momentos m\u00e1gicos.<\/p>\n\n\n\n<figure class=\"wp-block-image aligncenter\"><a href=\"https:\/\/www.a4toner.com\/blog\/wp-content\/uploads\/2015\/03\/pop-up-dos.png\"><img loading=\"lazy\" decoding=\"async\" width=\"248\" height=\"251\" src=\"https:\/\/www.a4toner.com\/blog\/wp-content\/uploads\/2015\/03\/pop-up-dos.png\" alt=\"pop up dos\" class=\"wp-image-708\" title=\"\"><\/a><\/figure>\n\n\n\n<p>&#8212;&#8212;<\/p>\n\n\n\n<h4 class=\"wp-block-heading\">Y aqu\u00ed tienes m\u00e1s ideas por si necesitas m\u00e1s&#8230;<\/h4>\n\n\n\n<figure class=\"wp-block-image aligncenter\"><a href=\"https:\/\/www.a4toner.com\/blog\/wp-content\/uploads\/2016\/02\/15e433a61d17f7cab6a025f5332d0088.jpg\" rel=\"attachment wp-att-1511\"><img loading=\"lazy\" decoding=\"async\" width=\"212\" height=\"300\" src=\"https:\/\/www.a4toner.com\/blog\/wp-content\/uploads\/2016\/02\/15e433a61d17f7cab6a025f5332d0088-212x300.jpg\" alt=\"15e433a61d17f7cab6a025f5332d0088\" class=\"wp-image-1511\" title=\"\" srcset=\"https:\/\/www.a4toner.com\/blog\/wp-content\/uploads\/2016\/02\/15e433a61d17f7cab6a025f5332d0088-212x300.jpg 212w, https:\/\/www.a4toner.com\/blog\/wp-content\/uploads\/2016\/02\/15e433a61d17f7cab6a025f5332d0088.jpg 564w\" sizes=\"auto, (max-width: 212px) 100vw, 212px\" \/><\/a><\/figure>\n\n\n\n<figure class=\"wp-block-image aligncenter\"><a href=\"https:\/\/www.a4toner.com\/blog\/wp-content\/uploads\/2016\/02\/8e472ed163f497835feecd1fba86ccbd.jpg\" rel=\"attachment wp-att-1508\"><img loading=\"lazy\" decoding=\"async\" width=\"232\" height=\"300\" src=\"https:\/\/www.a4toner.com\/blog\/wp-content\/uploads\/2016\/02\/8e472ed163f497835feecd1fba86ccbd-232x300.jpg\" alt=\"8e472ed163f497835feecd1fba86ccbd\" class=\"wp-image-1508\" title=\"\" srcset=\"https:\/\/www.a4toner.com\/blog\/wp-content\/uploads\/2016\/02\/8e472ed163f497835feecd1fba86ccbd-232x300.jpg 232w, https:\/\/www.a4toner.com\/blog\/wp-content\/uploads\/2016\/02\/8e472ed163f497835feecd1fba86ccbd.jpg 564w\" sizes=\"auto, (max-width: 232px) 100vw, 232px\" \/><\/a><\/figure>\n\n\n\n<figure class=\"wp-block-image aligncenter\"><a href=\"https:\/\/www.a4toner.com\/blog\/wp-content\/uploads\/2016\/02\/955ea8dc0cfe25a494acba482cd25ba8-1.jpg\" rel=\"attachment wp-att-1515\"><img loading=\"lazy\" decoding=\"async\" width=\"250\" height=\"300\" src=\"https:\/\/www.a4toner.com\/blog\/wp-content\/uploads\/2016\/02\/955ea8dc0cfe25a494acba482cd25ba8-1-250x300.jpg\" alt=\"955ea8dc0cfe25a494acba482cd25ba8\" class=\"wp-image-1515\" title=\"\" srcset=\"https:\/\/www.a4toner.com\/blog\/wp-content\/uploads\/2016\/02\/955ea8dc0cfe25a494acba482cd25ba8-1-250x300.jpg 250w, https:\/\/www.a4toner.com\/blog\/wp-content\/uploads\/2016\/02\/955ea8dc0cfe25a494acba482cd25ba8-1.jpg 564w\" sizes=\"auto, (max-width: 250px) 100vw, 250px\" \/><\/a><\/figure>\n\n\n\n<figure class=\"wp-block-image aligncenter\"><a href=\"https:\/\/www.a4toner.com\/blog\/wp-content\/uploads\/2016\/02\/regalo-padre-original-imprimible-gratis.png\" rel=\"attachment wp-att-1521\"><img loading=\"lazy\" decoding=\"async\" width=\"212\" height=\"300\" src=\"https:\/\/www.a4toner.com\/blog\/wp-content\/uploads\/2016\/02\/regalo-padre-original-imprimible-gratis-212x300.png\" alt=\"regalo padre original imprimible gratis\" class=\"wp-image-1521\" title=\"\" srcset=\"https:\/\/www.a4toner.com\/blog\/wp-content\/uploads\/2016\/02\/regalo-padre-original-imprimible-gratis-212x300.png 212w, https:\/\/www.a4toner.com\/blog\/wp-content\/uploads\/2016\/02\/regalo-padre-original-imprimible-gratis.png 593w\" sizes=\"auto, (max-width: 212px) 100vw, 212px\" \/><\/a><\/figure>\n\n\n\n<figure class=\"wp-block-image aligncenter\"><a href=\"https:\/\/www.a4toner.com\/blog\/wp-content\/uploads\/2016\/02\/tarjetas_felicitar_dia_padre.png\" rel=\"attachment wp-att-1522\"><img loading=\"lazy\" decoding=\"async\" width=\"233\" height=\"300\" src=\"https:\/\/www.a4toner.com\/blog\/wp-content\/uploads\/2016\/02\/tarjetas_felicitar_dia_padre-233x300.png\" alt=\"tarjetas_felicitar_dia_padre\" class=\"wp-image-1522\" title=\"\" srcset=\"https:\/\/www.a4toner.com\/blog\/wp-content\/uploads\/2016\/02\/tarjetas_felicitar_dia_padre-233x300.png 233w, https:\/\/www.a4toner.com\/blog\/wp-content\/uploads\/2016\/02\/tarjetas_felicitar_dia_padre.png 500w\" sizes=\"auto, (max-width: 233px) 100vw, 233px\" \/><\/a><\/figure>\n\n\n\n<figure class=\"wp-block-image aligncenter\"><a href=\"https:\/\/www.a4toner.com\/blog\/wp-content\/uploads\/2016\/02\/etiquetas-regalo-para-d\u00eda-del-padre.jpg\" rel=\"attachment wp-att-1516\"><img loading=\"lazy\" decoding=\"async\" width=\"300\" height=\"177\" src=\"https:\/\/www.a4toner.com\/blog\/wp-content\/uploads\/2016\/02\/etiquetas-regalo-para-d\u00eda-del-padre-300x177.jpg\" alt=\"etiquetas regalo para d\u00eda del padre\" class=\"wp-image-1516\" title=\"\" srcset=\"https:\/\/www.a4toner.com\/blog\/wp-content\/uploads\/2016\/02\/etiquetas-regalo-para-d\u00eda-del-padre-300x177.jpg 300w, https:\/\/www.a4toner.com\/blog\/wp-content\/uploads\/2016\/02\/etiquetas-regalo-para-d\u00eda-del-padre-768x452.jpg 768w, https:\/\/www.a4toner.com\/blog\/wp-content\/uploads\/2016\/02\/etiquetas-regalo-para-d\u00eda-del-padre.jpg 900w\" sizes=\"auto, (max-width: 300px) 100vw, 300px\" \/><\/a><\/figure>\n\n\n\n<h2 class=\"wp-block-heading\"><strong>Otras manualidades para pap\u00e1.<\/strong><\/h2>\n\n\n\n<p>Una almohada dedicada:<\/p>\n\n\n\n<figure class=\"wp-block-image aligncenter\"><a href=\"https:\/\/www.a4toner.com\/blog\/wp-content\/uploads\/2016\/02\/9c14374711cc569122f6886f4cec2895.jpg\" rel=\"attachment wp-att-1509\"><img loading=\"lazy\" decoding=\"async\" width=\"300\" height=\"205\" src=\"https:\/\/www.a4toner.com\/blog\/wp-content\/uploads\/2016\/02\/9c14374711cc569122f6886f4cec2895-300x205.jpg\" alt=\"9c14374711cc569122f6886f4cec2895\" class=\"wp-image-1509\" title=\"\" srcset=\"https:\/\/www.a4toner.com\/blog\/wp-content\/uploads\/2016\/02\/9c14374711cc569122f6886f4cec2895-300x205.jpg 300w, https:\/\/www.a4toner.com\/blog\/wp-content\/uploads\/2016\/02\/9c14374711cc569122f6886f4cec2895.jpg 564w\" sizes=\"auto, (max-width: 300px) 100vw, 300px\" \/><\/a><\/figure>\n\n\n\n<p>Una c\u00e1mara de fotos con la mejor foto:<\/p>\n\n\n\n<figure class=\"wp-block-image aligncenter\"><a href=\"https:\/\/www.a4toner.com\/blog\/wp-content\/uploads\/2016\/02\/555dac82e6bf7aae6247e878595d9eb4-1.jpg\" rel=\"attachment wp-att-1523\"><img loading=\"lazy\" decoding=\"async\" width=\"300\" height=\"199\" src=\"https:\/\/www.a4toner.com\/blog\/wp-content\/uploads\/2016\/02\/555dac82e6bf7aae6247e878595d9eb4-1-300x199.jpg\" alt=\"555dac82e6bf7aae6247e878595d9eb4\" class=\"wp-image-1523\" title=\"\" srcset=\"https:\/\/www.a4toner.com\/blog\/wp-content\/uploads\/2016\/02\/555dac82e6bf7aae6247e878595d9eb4-1-300x199.jpg 300w, https:\/\/www.a4toner.com\/blog\/wp-content\/uploads\/2016\/02\/555dac82e6bf7aae6247e878595d9eb4-1.jpg 550w\" sizes=\"auto, (max-width: 300px) 100vw, 300px\" \/><\/a><\/figure>\n\n\n\n<p>Una foto original de vuestro beb\u00e9:<\/p>\n\n\n\n<figure class=\"wp-block-image aligncenter\"><a href=\"https:\/\/www.a4toner.com\/blog\/wp-content\/uploads\/2016\/02\/92acacabf6954b5da711837a29061481.jpg\" rel=\"attachment wp-att-1512\"><img loading=\"lazy\" decoding=\"async\" width=\"300\" height=\"188\" src=\"https:\/\/www.a4toner.com\/blog\/wp-content\/uploads\/2016\/02\/92acacabf6954b5da711837a29061481-300x188.jpg\" alt=\"92acacabf6954b5da711837a29061481\" class=\"wp-image-1512\" title=\"\" srcset=\"https:\/\/www.a4toner.com\/blog\/wp-content\/uploads\/2016\/02\/92acacabf6954b5da711837a29061481-300x188.jpg 300w, https:\/\/www.a4toner.com\/blog\/wp-content\/uploads\/2016\/02\/92acacabf6954b5da711837a29061481.jpg 468w\" sizes=\"auto, (max-width: 300px) 100vw, 300px\" \/><\/a><\/figure>\n\n\n\n<p>Una tarjeta para pap\u00e1:<\/p>\n\n\n\n<figure class=\"wp-block-image aligncenter\"><a href=\"https:\/\/www.a4toner.com\/blog\/wp-content\/uploads\/2016\/02\/manualidades-con-papel-para-el-dia-del-padre-tarjeta-330x220.jpg\" rel=\"attachment wp-att-1519\"><img loading=\"lazy\" decoding=\"async\" width=\"300\" height=\"200\" src=\"https:\/\/www.a4toner.com\/blog\/wp-content\/uploads\/2016\/02\/manualidades-con-papel-para-el-dia-del-padre-tarjeta-330x220-300x200.jpg\" alt=\"manualidades-con-papel-para-el-dia-del-padre-tarjeta-330x220\" class=\"wp-image-1519\" title=\"\" srcset=\"https:\/\/www.a4toner.com\/blog\/wp-content\/uploads\/2016\/02\/manualidades-con-papel-para-el-dia-del-padre-tarjeta-330x220-300x200.jpg 300w, https:\/\/www.a4toner.com\/blog\/wp-content\/uploads\/2016\/02\/manualidades-con-papel-para-el-dia-del-padre-tarjeta-330x220.jpg 330w\" sizes=\"auto, (max-width: 300px) 100vw, 300px\" \/><\/a><\/figure>\n\n\n\n<h2 class=\"wp-block-heading\"><strong>El pap\u00e1 de ahora, un gran cambio.<\/strong><\/h2>\n\n\n\n<p>Durante mucho tiempo, el cuidado de los hijos ha sido un tema exclusivo de las mujeres. Los hombres de antes se dedicaban a &nbsp;procrear y salir a trabajar, dejando a la madre a cargo del cuidado de los hijos y la educaci\u00f3n. De esta manera los padres ten\u00edan un gran desconocimiento de lo que la verdadera paternidad implica, form\u00e1ndose generaciones y generaciones de padres ausentes.<\/p>\n\n\n\n<p>Por suerte, en la actualidad se han roto muchos tab\u00faes y la mujer va ganando terreno en la vida laboral, y, por consiguiente, los padres actuales se han incorporado cada vez m\u00e1s en la interacci\u00f3n con los hijos y la educaci\u00f3n. Cualquiera de las tareas que haga un padre actual tiene la misma importancia que las que hace la madre, ya que el hombre es totalmente apto para hacerlas. Darle de comer, preparar el biber\u00f3n, ba\u00f1ar al beb\u00e9, &nbsp;cambiarle el pa\u00f1al, ayudarle a hacer los deberes, jugar, etc., son actividades en que el padre puede hacerlas junto a la madre o bien por s\u00ed solo.<\/p>\n\n\n\n<figure class=\"wp-block-image aligncenter\"><a href=\"https:\/\/www.a4toner.com\/blog\/wp-content\/uploads\/2016\/02\/padres.jpg\" rel=\"attachment wp-att-1520\"><img loading=\"lazy\" decoding=\"async\" width=\"300\" height=\"200\" src=\"https:\/\/www.a4toner.com\/blog\/wp-content\/uploads\/2016\/02\/padres-300x200.jpg\" alt=\"padres\" class=\"wp-image-1520\" title=\"\" srcset=\"https:\/\/www.a4toner.com\/blog\/wp-content\/uploads\/2016\/02\/padres-300x200.jpg 300w, https:\/\/www.a4toner.com\/blog\/wp-content\/uploads\/2016\/02\/padres.jpg 630w\" sizes=\"auto, (max-width: 300px) 100vw, 300px\" \/><\/a><\/figure>\n\n\n\n<p>Es tan importante la figura del rol paterno que en la actualidad pa\u00edses como Estados Unidos y algunos de Europa otorgan permiso de paternidad a sus trabajadores los primeros d\u00edas que nace el beb\u00e9.<\/p>\n","protected":false},"excerpt":{"rendered":"<p>El D\u00eda del Padre se celebra en diferentes pa\u00edses del mundo en diferentes fechas. En Espa\u00f1a lo celebramos el d\u00eda 19 de marzo, en honor a San Jos\u00e9. El objetivo de esta celebraci\u00f3n es demostrar el amor que tenemos hacia nuestro padre, ofreci\u00e9ndole alg\u00fan regalito como detalle (los m\u00e1s peque\u00f1os suelen hacer alguna manualidad). \u00bfCu\u00e1l [&hellip;]<\/p>\n","protected":false},"author":3,"featured_media":10109,"comment_status":"open","ping_status":"open","sticky":false,"template":"","format":"standard","meta":{"_bbp_topic_count":0,"_bbp_reply_count":0,"_bbp_total_topic_count":0,"_bbp_total_reply_count":0,"_bbp_voice_count":0,"_bbp_anonymous_reply_count":0,"_bbp_topic_count_hidden":0,"_bbp_reply_count_hidden":0,"_bbp_forum_subforum_count":0,"site-sidebar-layout":"default","site-content-layout":"","ast-site-content-layout":"default","site-content-style":"default","site-sidebar-style":"default","ast-global-header-display":"","ast-banner-title-visibility":"","ast-main-header-display":"","ast-hfb-above-header-display":"","ast-hfb-below-header-display":"","ast-hfb-mobile-header-display":"","site-post-title":"","ast-breadcrumbs-content":"","ast-featured-img":"","footer-sml-layout":"","theme-transparent-header-meta":"","adv-header-id-meta":"","stick-header-meta":"","header-above-stick-meta":"","header-main-stick-meta":"","header-below-stick-meta":"","astra-migrate-meta-layouts":"set","ast-page-background-enabled":"default","ast-page-background-meta":{"desktop":{"background-color":"","background-image":"","background-repeat":"repeat","background-position":"center center","background-size":"auto","background-attachment":"scroll","background-type":"","background-media":"","overlay-type":"","overlay-color":"","overlay-opacity":"","overlay-gradient":""},"tablet":{"background-color":"","background-image":"","background-repeat":"repeat","background-position":"center center","background-size":"auto","background-attachment":"scroll","background-type":"","background-media":"","overlay-type":"","overlay-color":"","overlay-opacity":"","overlay-gradient":""},"mobile":{"background-color":"","background-image":"","background-repeat":"repeat","background-position":"center center","background-size":"auto","background-attachment":"scroll","background-type":"","background-media":"","overlay-type":"","overlay-color":"","overlay-opacity":"","overlay-gradient":""}},"ast-content-background-meta":{"desktop":{"background-color":"var(--ast-global-color-5)","background-image":"","background-repeat":"repeat","background-position":"center center","background-size":"auto","background-attachment":"scroll","background-type":"","background-media":"","overlay-type":"","overlay-color":"","overlay-opacity":"","overlay-gradient":""},"tablet":{"background-color":"var(--ast-global-color-5)","background-image":"","background-repeat":"repeat","background-position":"center center","background-size":"auto","background-attachment":"scroll","background-type":"","background-media":"","overlay-type":"","overlay-color":"","overlay-opacity":"","overlay-gradient":""},"mobile":{"background-color":"var(--ast-global-color-5)","background-image":"","background-repeat":"repeat","background-position":"center center","background-size":"auto","background-attachment":"scroll","background-type":"","background-media":"","overlay-type":"","overlay-color":"","overlay-opacity":"","overlay-gradient":""}},"footnotes":""},"categories":[600],"tags":[],"class_list":["post-1506","post","type-post","status-publish","format-standard","has-post-thumbnail","hentry","category-manualidades"],"_links":{"self":[{"href":"https:\/\/www.a4toner.com\/blog\/wp-json\/wp\/v2\/posts\/1506","targetHints":{"allow":["GET"]}}],"collection":[{"href":"https:\/\/www.a4toner.com\/blog\/wp-json\/wp\/v2\/posts"}],"about":[{"href":"https:\/\/www.a4toner.com\/blog\/wp-json\/wp\/v2\/types\/post"}],"author":[{"embeddable":true,"href":"https:\/\/www.a4toner.com\/blog\/wp-json\/wp\/v2\/users\/3"}],"replies":[{"embeddable":true,"href":"https:\/\/www.a4toner.com\/blog\/wp-json\/wp\/v2\/comments?post=1506"}],"version-history":[{"count":25,"href":"https:\/\/www.a4toner.com\/blog\/wp-json\/wp\/v2\/posts\/1506\/revisions"}],"predecessor-version":[{"id":10452,"href":"https:\/\/www.a4toner.com\/blog\/wp-json\/wp\/v2\/posts\/1506\/revisions\/10452"}],"wp:featuredmedia":[{"embeddable":true,"href":"https:\/\/www.a4toner.com\/blog\/wp-json\/wp\/v2\/media\/10109"}],"wp:attachment":[{"href":"https:\/\/www.a4toner.com\/blog\/wp-json\/wp\/v2\/media?parent=1506"}],"wp:term":[{"taxonomy":"category","embeddable":true,"href":"https:\/\/www.a4toner.com\/blog\/wp-json\/wp\/v2\/categories?post=1506"},{"taxonomy":"post_tag","embeddable":true,"href":"https:\/\/www.a4toner.com\/blog\/wp-json\/wp\/v2\/tags?post=1506"}],"curies":[{"name":"wp","href":"https:\/\/api.w.org\/{rel}","templated":true}]}}