{"id":1530,"date":"2019-03-08T08:00:38","date_gmt":"2019-03-08T07:00:38","guid":{"rendered":"https:\/\/www.a4toner.com\/blog\/?p=1530"},"modified":"2019-03-18T16:24:48","modified_gmt":"2019-03-18T15:24:48","slug":"8-grandes-mujeres-dia-internacional-de-la-mujer","status":"publish","type":"post","link":"https:\/\/www.a4toner.com\/blog\/8-grandes-mujeres-dia-internacional-de-la-mujer\/","title":{"rendered":"8 grandes mujeres. D\u00eda internacional de la mujer."},"content":{"rendered":"<p>Hoy 8 de marzo, es el d\u00eda internacional de la mujer, de sus derechos y deberes, pero sobretodo de su libertad. Libertad de elegir indistintamente del sexo nacido quien quieres ser y como quieres vivir. Libertad para decidir que tipo de familia hacer y con quien hacerla. Libertad para ser y para sentir. Hoy m\u00e1s que nunca tenemos una oportunidad para parar a pensar en nuestras ni\u00f1as y en nuestros ni\u00f1os. Porque no entendemos y no queremos, un mundo sin libertad ni de ni\u00f1os ni de ni\u00f1as, porque en la libertad yace la dignidad de cada cual.<\/p>\n<p>Hoy recordamos\u00a0a s\u00f3lo 8 mujeres como ejemplo de un sinf\u00edn de ellas que lucharon y luchan actualmente. Cada una a su manera supieron alcanzar el camino a priori m\u00e1s dif\u00edcil, el camino establecido solo para ellos. Todas ellas supieron escoger el camino adecuado para ser lo que sus sue\u00f1os y sus convicciones les guiaba.<\/p>\n<p><a href=\"https:\/\/www.a4toner.com\/blog\/wp-content\/uploads\/2016\/03\/Libertad-para-elegirLibertad-para-decidirLibertad-para-ser.jpg\" rel=\"attachment wp-att-1534\"><img loading=\"lazy\" decoding=\"async\" class=\"aligncenter size-medium wp-image-1534\" src=\"https:\/\/www.a4toner.com\/blog\/wp-content\/uploads\/2016\/03\/Libertad-para-elegirLibertad-para-decidirLibertad-para-ser-300x300.jpg\" alt=\"Libertad para elegirLibertad para decidirLibertad para ser\" width=\"300\" height=\"300\" title=\"\" srcset=\"https:\/\/www.a4toner.com\/blog\/wp-content\/uploads\/2016\/03\/Libertad-para-elegirLibertad-para-decidirLibertad-para-ser-300x300.jpg 300w, https:\/\/www.a4toner.com\/blog\/wp-content\/uploads\/2016\/03\/Libertad-para-elegirLibertad-para-decidirLibertad-para-ser-150x150.jpg 150w, https:\/\/www.a4toner.com\/blog\/wp-content\/uploads\/2016\/03\/Libertad-para-elegirLibertad-para-decidirLibertad-para-ser-768x768.jpg 768w, https:\/\/www.a4toner.com\/blog\/wp-content\/uploads\/2016\/03\/Libertad-para-elegirLibertad-para-decidirLibertad-para-ser.jpg 800w\" sizes=\"auto, (max-width: 300px) 100vw, 300px\" \/><\/a><\/p>\n<p><span style=\"color: #0000ff;\"><strong><a style=\"color: #0000ff;\" href=\"https:\/\/es.wikipedia.org\/wiki\/Celia_S%C3%A1nchez-Ramos\" target=\"_blank\" rel=\"noopener noreferrer nofollow\">Medicina: Celia S\u00e1nchez Ramos<\/a><\/strong><\/span><br \/>\nLicenciada en Farmacia y doctora en Medicina Preventiva y Salud P\u00fablica, y doctora en Ciencias de la Visi\u00f3n. Es directora de Optometr\u00eda y Visi\u00f3n en Universidad Complutense de Madrid. Adem\u00e1s, es fundadora del Laboratorio Neuro-Computaci\u00f3n y Neuro-Rob\u00f3tica, e inventora de 13 familias-de-patentes. Por todo ello, le otorgaron el Premio de la ONU a Mejor inventora internacional.<br \/>\n<span style=\"color: #0000ff;\"><strong><a style=\"color: #0000ff;\" href=\"https:\/\/es.wikipedia.org\/wiki\/Marie_Curie\" target=\"_blank\" rel=\"noopener noreferrer nofollow\">Investigaci\u00f3n: Marie Curie<\/a><\/strong><\/span><br \/>\nEn 1891 se matricul\u00f3 en el curso de ciencias de la Universidad parisiense de la Sorbona. Pasados dos a\u00f1os, finaliz\u00f3 sus estudios de f\u00edsica con el n\u00famero uno de su promoci\u00f3n.<br \/>\nPrimera mujer en recibir el Premio Novel de F\u00edsica, por el descubrimiento de dos elementos radiactivos, el polonio y el radio, junto a su marido.<br \/>\n<span style=\"color: #0000ff;\"><strong><a style=\"color: #0000ff;\" href=\"https:\/\/es.wikipedia.org\/wiki\/Ellen_Johnson-Sirleaf\" target=\"_blank\" rel=\"noopener noreferrer nofollow\">Derechos humanos: Ellen Johnson-Sirleaf<\/a><\/strong><\/span><br \/>\nLicenciada en Ciencias Econ\u00f3micas y Doctora por la Universidad de Harvard en Administraci\u00f3n P\u00fablica.<br \/>\nHa tenido y tiene distintos cargos de muy alta relevancia; vicepresidenta del Citibank, presidenta de Kormah Development and Investment Corporation, Presidenta del Banco de Desarrollo e Inversi\u00f3n de Liberia, ha colaborado con el Fondo Monetario Internacional, el Banco Mundial y el Banco de Desarrollo africano, es consultora permanente de la Comisi\u00f3n Econ\u00f3mica para Africa de la ONU, etc.<br \/>\nPero ella fue m\u00e1s conocida por poner en riesgo su carrera al denunciar los fraudes electorales llevados a cabo por Samuel doe, para conseguir ser presidente de Liberia. Por estas denuncias fu\u00e9 encarcelada en dos ocasiones.<br \/>\nParticipante de comisiones de investigaci\u00f3n como el genocidio de Ruanda, o la comisi\u00f3n para la paz del Congo.<br \/>\nEn 2011 le fue concedido el Premio Nobel de la Paz.<br \/>\n<span style=\"color: #0000ff;\"><strong><a style=\"color: #0000ff;\" href=\"https:\/\/es.wikipedia.org\/wiki\/Ana_Mar\u00eda_Matute\" target=\"_blank\" rel=\"noopener noreferrer nofollow\">Escritora: Ana Mar\u00eda Matute<\/a><\/strong><\/span><br \/>\nAdmirada por muchos, Ana Mar\u00eda Matute escribe su primer cuento con 5 a\u00f1os, a partir de ah\u00ed con m\u00e1s o menos acierto y mejorando con los a\u00f1os no para de escribir. Obras que marcan a adultos y sobretodo cuentos que marcan a ni\u00f1os que ser\u00e1n adultos. Obras inolvidables como Paulina, demonios familiares, o Olvidado rey Gud\u00fa, por muchos una de las grandes novelas del siglo XX, la llevaron a tener una vida llena de letras y premios literarios.<br \/>\nEn 2007 recibe el prestigioso Premio Nacional de las Letras, otorgado por el Ministerio de Cultura y en 2010 se convierte en la tercera mujer en obtener el Premio Cervantes otorgado por el Ministerio de Cultura de Espa\u00f1a.<\/p>\n<p><span style=\"color: #0000ff;\"><a style=\"color: #0000ff;\" href=\"https:\/\/es.wikipedia.org\/wiki\/Maria_Montessori\" target=\"_blank\" rel=\"noopener noreferrer nofollow\"><strong>Profesora: Maria Montessori<\/strong><\/a><\/span><br \/>\nFu\u00e9 la primera mujer m\u00e9dico de Italia, despues de haber hecho los estudios de ingenieria y biologia. Desarrollo\u00f3 su carrera inicialmente de m\u00e9dico en la cl\u00ednica psiqui\u00e1trica Universitaria de Roma. Posteriormente estudi\u00f3 antropologia y fu\u00e9 doctorada en filosof\u00eda.<br \/>\nCon todo lo sabido por esta espectacular mujer decidi\u00f3 dedicarse en cuerpo y alma a la educaci\u00f3n de los ni\u00f1os, consiguiendo encontrar m\u00e9todos para que incluso ni\u00f1os con deficiencias importantes pudieran llegar a leer y escribir.<br \/>\nEl m\u00e9todo Montesori, es un estilo de educaci\u00f3n y una manera de pensar verso a como traspasamos e inculcamos no solo conocimientos sino valores.<br \/>\nActualmente sigue siendo un m\u00e9todo innovador y seguido por cada vez m\u00e1s escuelas.<\/p>\n<p><span style=\"color: #0000ff;\"><a style=\"color: #0000ff;\" href=\"https:\/\/es.wikipedia.org\/wiki\/Indra_Nooyi\" target=\"_blank\" rel=\"noopener noreferrer nofollow\"><strong>Empresaria: Indra Nooyi<\/strong><\/a><\/span><br \/>\nNacida en la India, Indra es desde 2006 presidenta y directora ejecutiva de PepsiCo. En 2007 recibi\u00f3 el galard\u00f3n Padma Bhushan del Gobierno de la India.<\/p>\n<p><span style=\"color: #0000ff;\"><strong><a style=\"color: #0000ff;\" href=\"https:\/\/es.wikipedia.org\/wiki\/Benedetta_Tagliabue\" target=\"_blank\" rel=\"noopener noreferrer nofollow\">Arquitectura: Benedetta Tagliabue<\/a><\/strong><\/span><br \/>\nMilanesa de nacimiento pero espa\u00f1ola de alma, supo imponer una mirada femenina al estudio EMBT, que fund\u00f3 en los a\u00f1os noventa con quien fue su pareja, el arquitecto Enric Miralles, fallecido en 2000.<br \/>\nCon una arquitecta m\u00e1s valen im\u00e1genes que palabras.<\/p>\n<p><a href=\"https:\/\/www.a4toner.com\/blog\/wp-content\/uploads\/2016\/03\/Benedetta-Tagliabue-International-Fellowship-del-RIBA-en-la-UEM-Gas-Natural.jpg\" rel=\"attachment wp-att-1531\"><img loading=\"lazy\" decoding=\"async\" class=\"aligncenter size-medium wp-image-1531\" src=\"https:\/\/www.a4toner.com\/blog\/wp-content\/uploads\/2016\/03\/Benedetta-Tagliabue-International-Fellowship-del-RIBA-en-la-UEM-Gas-Natural-300x200.jpg\" alt=\"Benedetta-Tagliabue-International-Fellowship-del-RIBA-en-la-UEM-Gas-Natural\" width=\"300\" height=\"200\" title=\"\" srcset=\"https:\/\/www.a4toner.com\/blog\/wp-content\/uploads\/2016\/03\/Benedetta-Tagliabue-International-Fellowship-del-RIBA-en-la-UEM-Gas-Natural-300x200.jpg 300w, https:\/\/www.a4toner.com\/blog\/wp-content\/uploads\/2016\/03\/Benedetta-Tagliabue-International-Fellowship-del-RIBA-en-la-UEM-Gas-Natural.jpg 500w\" sizes=\"auto, (max-width: 300px) 100vw, 300px\" \/><\/a><a href=\"https:\/\/www.a4toner.com\/blog\/wp-content\/uploads\/2016\/03\/spain-p-590x393.jpg\" rel=\"attachment wp-att-1532\"><img loading=\"lazy\" decoding=\"async\" class=\"aligncenter size-medium wp-image-1532\" src=\"https:\/\/www.a4toner.com\/blog\/wp-content\/uploads\/2016\/03\/spain-p-590x393-300x200.jpg\" alt=\"spain-p-590x393\" width=\"300\" height=\"200\" title=\"\" srcset=\"https:\/\/www.a4toner.com\/blog\/wp-content\/uploads\/2016\/03\/spain-p-590x393-300x200.jpg 300w, https:\/\/www.a4toner.com\/blog\/wp-content\/uploads\/2016\/03\/spain-p-590x393.jpg 590w\" sizes=\"auto, (max-width: 300px) 100vw, 300px\" \/><\/a><\/p>\n<p><span style=\"color: #0000ff;\"><strong><a style=\"color: #0000ff;\" href=\"https:\/\/es.wikipedia.org\/wiki\/Benedetta_Tagliabue\" target=\"_blank\" rel=\"noopener noreferrer nofollow\">Pol\u00edtica: Clara Campoamor<\/a><\/strong><\/span><br \/>\nPol\u00edtica espa\u00f1ola que impuls\u00f3 y consigui\u00f3 en 1933 el sufragio universal, es decir, que las mujeres pudieran votar en Espa\u00f1a, en un momento en que nosotras est\u00e1bamos relegadas por ley a estar en nuestras casas con sus labores intr\u00ednsecas. Donde las leyes dejaban poco resquicio a la mujer para poder hacer nada, Clara Campoamor consigui\u00f3 convencer a un hemiciclo lleno de hombres que el camino era la igualdad y que se empezaba dando derecho a voto de las mujeres. Lo peor, es que su gran detractora de esta medida era tambi\u00e9n una mujer de izquierdas que quer\u00eda impedir que la mujeres votaran.<\/p>\n","protected":false},"excerpt":{"rendered":"<p>Hoy 8 de marzo, es el d\u00eda internacional de la mujer, de sus derechos y deberes, pero sobretodo de su libertad. Libertad de elegir indistintamente del sexo nacido quien quieres ser y como quieres vivir. Libertad para decidir que tipo de familia hacer y con quien hacerla. Libertad para ser y para sentir. Hoy m\u00e1s [&hellip;]<\/p>\n","protected":false},"author":3,"featured_media":4126,"comment_status":"open","ping_status":"open","sticky":false,"template":"","format":"standard","meta":{"_bbp_topic_count":0,"_bbp_reply_count":0,"_bbp_total_topic_count":0,"_bbp_total_reply_count":0,"_bbp_voice_count":0,"_bbp_anonymous_reply_count":0,"_bbp_topic_count_hidden":0,"_bbp_reply_count_hidden":0,"_bbp_forum_subforum_count":0,"site-sidebar-layout":"default","site-content-layout":"","ast-site-content-layout":"default","site-content-style":"default","site-sidebar-style":"default","ast-global-header-display":"","ast-banner-title-visibility":"","ast-main-header-display":"","ast-hfb-above-header-display":"","ast-hfb-below-header-display":"","ast-hfb-mobile-header-display":"","site-post-title":"","ast-breadcrumbs-content":"","ast-featured-img":"","footer-sml-layout":"","theme-transparent-header-meta":"","adv-header-id-meta":"","stick-header-meta":"","header-above-stick-meta":"","header-main-stick-meta":"","header-below-stick-meta":"","astra-migrate-meta-layouts":"default","ast-page-background-enabled":"default","ast-page-background-meta":{"desktop":{"background-color":"","background-image":"","background-repeat":"repeat","background-position":"center center","background-size":"auto","background-attachment":"scroll","background-type":"","background-media":"","overlay-type":"","overlay-color":"","overlay-opacity":"","overlay-gradient":""},"tablet":{"background-color":"","background-image":"","background-repeat":"repeat","background-position":"center center","background-size":"auto","background-attachment":"scroll","background-type":"","background-media":"","overlay-type":"","overlay-color":"","overlay-opacity":"","overlay-gradient":""},"mobile":{"background-color":"","background-image":"","background-repeat":"repeat","background-position":"center center","background-size":"auto","background-attachment":"scroll","background-type":"","background-media":"","overlay-type":"","overlay-color":"","overlay-opacity":"","overlay-gradient":""}},"ast-content-background-meta":{"desktop":{"background-color":"var(--ast-global-color-5)","background-image":"","background-repeat":"repeat","background-position":"center center","background-size":"auto","background-attachment":"scroll","background-type":"","background-media":"","overlay-type":"","overlay-color":"","overlay-opacity":"","overlay-gradient":""},"tablet":{"background-color":"var(--ast-global-color-5)","background-image":"","background-repeat":"repeat","background-position":"center center","background-size":"auto","background-attachment":"scroll","background-type":"","background-media":"","overlay-type":"","overlay-color":"","overlay-opacity":"","overlay-gradient":""},"mobile":{"background-color":"var(--ast-global-color-5)","background-image":"","background-repeat":"repeat","background-position":"center center","background-size":"auto","background-attachment":"scroll","background-type":"","background-media":"","overlay-type":"","overlay-color":"","overlay-opacity":"","overlay-gradient":""}},"footnotes":""},"categories":[549],"tags":[],"class_list":["post-1530","post","type-post","status-publish","format-standard","has-post-thumbnail","hentry","category-empresa"],"_links":{"self":[{"href":"https:\/\/www.a4toner.com\/blog\/wp-json\/wp\/v2\/posts\/1530","targetHints":{"allow":["GET"]}}],"collection":[{"href":"https:\/\/www.a4toner.com\/blog\/wp-json\/wp\/v2\/posts"}],"about":[{"href":"https:\/\/www.a4toner.com\/blog\/wp-json\/wp\/v2\/types\/post"}],"author":[{"embeddable":true,"href":"https:\/\/www.a4toner.com\/blog\/wp-json\/wp\/v2\/users\/3"}],"replies":[{"embeddable":true,"href":"https:\/\/www.a4toner.com\/blog\/wp-json\/wp\/v2\/comments?post=1530"}],"version-history":[{"count":6,"href":"https:\/\/www.a4toner.com\/blog\/wp-json\/wp\/v2\/posts\/1530\/revisions"}],"predecessor-version":[{"id":4127,"href":"https:\/\/www.a4toner.com\/blog\/wp-json\/wp\/v2\/posts\/1530\/revisions\/4127"}],"wp:featuredmedia":[{"embeddable":true,"href":"https:\/\/www.a4toner.com\/blog\/wp-json\/wp\/v2\/media\/4126"}],"wp:attachment":[{"href":"https:\/\/www.a4toner.com\/blog\/wp-json\/wp\/v2\/media?parent=1530"}],"wp:term":[{"taxonomy":"category","embeddable":true,"href":"https:\/\/www.a4toner.com\/blog\/wp-json\/wp\/v2\/categories?post=1530"},{"taxonomy":"post_tag","embeddable":true,"href":"https:\/\/www.a4toner.com\/blog\/wp-json\/wp\/v2\/tags?post=1530"}],"curies":[{"name":"wp","href":"https:\/\/api.w.org\/{rel}","templated":true}]}}